{"id":11934,"date":"2023-06-01T16:48:46","date_gmt":"2023-06-01T16:48:46","guid":{"rendered":"https:\/\/iesjuandemairena.org\/?p=11934"},"modified":"2023-06-01T16:48:49","modified_gmt":"2023-06-01T16:48:49","slug":"proyecto-europeo-del-mes","status":"publish","type":"post","link":"https:\/\/iesjuandemairena.org\/index.php\/2023\/06\/01\/proyecto-europeo-del-mes\/","title":{"rendered":"Proyecto europeo del mes"},"content":{"rendered":"\n\n\n<p>Nuestro instituto ha sido seleccionado como Proyecto Europeo del mes de la Red de Informaci\u00f3n Europea de Andaluc\u00eda. <br \/>El compromiso del centro con el proyecto de construcci\u00f3n europea es indudable. El IES Juan de Mairena y, en concreto, profesores como Mila, siempre est\u00e1 dispuesto a realizar actividades con nosotros. Sus alumnos de bachillerato han participado en charlas sobre instituciones europeas y movilidad, con el fin de conocer sus posibilidades en los pr\u00f3ximos a\u00f1os. Los alumnos reci\u00e9n llegados al centro han disfrutado de cuentacuentos que hablan de los valores y la construcci\u00f3n de la Uni\u00f3n.<br \/>El D\u00eda de Europa es una fecha se\u00f1alada en el centro y se vuelcan con la celebraci\u00f3n de tan significativo d\u00eda. El centro se decora con banderas y pancartas con el lema de la Uni\u00f3n Europea \u201cUnida en la Diversidad\u201d. Adem\u00e1s, durante los cambios de clase la sirena es remplazada por el Himno de la Alegr\u00eda, el Himno oficial de la Uni\u00f3n. Sus alumnos y profesores muestran especial inter\u00e9s en la actividad de la Uni\u00f3n Europea, tanto que, como trabajo de clase para el D\u00eda de Europa, han investigado qu\u00e9 proyectos que usan habitualmente en su vida cotidiana han sido financiados con fondos europeos, \u00a1incluyendo su propio centro! <br \/>Asimismo, el IES Juan de Mairena siempre ha impartido una educaci\u00f3n con una perspectiva europeis. El centro cuenta con la Carta Erasmus de Educaci\u00f3n Superior, clave para que los estudiantes y personal docente del centro tengan la oportunidad de llevar a cabo pr\u00e1cticas en empresas extranjeras como parte del proyecto Erasmus+ de Formaci\u00f3n Profesional. Del mismo modo, ostentan la Acreditaci\u00f3n Erasmus+ VET para que sus estudiantes y reci\u00e9n titulados en Ciclos Formativos de Grado Medio y FP B\u00e1sica realicen programas de movilidad de pr\u00e1cticas \u201cLet\u2019s improve in Europe\u201d hasta el a\u00f1o 2027. <br \/>\u00a1Enhorabuena al IES Juan de Mairena, ganador del Premio Proyecto Europeo del mes!<\/p>\n","protected":false},"excerpt":{"rendered":"<p>Nuestro instituto ha sido seleccionado como Proyecto Europeo del mes de la Red de Informaci\u00f3n Europea de Andaluc\u00eda. El compromiso del centro con el proyecto de construcci\u00f3n europea es indudable. El IES Juan de Mairena y, en concreto, profesores como Mila, siempre est\u00e1 dispuesto a realizar actividades con nosotros. Sus alumnos de bachillerato han participado [&hellip;]<\/p>\n","protected":false},"author":8,"featured_media":11928,"comment_status":"open","ping_status":"closed","sticky":false,"template":"","format":"standard","meta":[],"categories":[77],"tags":[],"yoast_head":"<!-- This site is optimized with the Yoast SEO plugin v15.5 - https:\/\/yoast.com\/wordpress\/plugins\/seo\/ -->\n<title>Proyecto europeo del mes - IES Juan de Mairena<\/title>\n<meta name=\"robots\" content=\"index, follow, max-snippet:-1, max-image-preview:large, max-video-preview:-1\" \/>\n<link rel=\"canonical\" href=\"https:\/\/iesjuandemairena.org\/index.php\/2023\/06\/01\/proyecto-europeo-del-mes\/\" \/>\n<meta property=\"og:locale\" content=\"es_ES\" \/>\n<meta property=\"og:type\" content=\"article\" \/>\n<meta property=\"og:title\" content=\"Proyecto europeo del mes - IES Juan de Mairena\" \/>\n<meta property=\"og:description\" content=\"Nuestro instituto ha sido seleccionado como Proyecto Europeo del mes de la Red de Informaci\u00f3n Europea de Andaluc\u00eda. El compromiso del centro con el proyecto de construcci\u00f3n europea es indudable. El IES Juan de Mairena y, en concreto, profesores como Mila, siempre est\u00e1 dispuesto a realizar actividades con nosotros. Sus alumnos de bachillerato han participado [&hellip;]\" \/>\n<meta property=\"og:url\" content=\"https:\/\/iesjuandemairena.org\/index.php\/2023\/06\/01\/proyecto-europeo-del-mes\/\" \/>\n<meta property=\"og:site_name\" content=\"IES Juan de Mairena\" \/>\n<meta property=\"article:published_time\" content=\"2023-06-01T16:48:46+00:00\" \/>\n<meta property=\"article:modified_time\" content=\"2023-06-01T16:48:49+00:00\" \/>\n<meta property=\"og:image\" content=\"https:\/\/iesjuandemairena.org\/wp-content\/uploads\/2023\/06\/WhatsApp-Image-2023-06-01-at-16.45.37.jpeg\" \/>\n\t<meta property=\"og:image:width\" content=\"1080\" \/>\n\t<meta property=\"og:image:height\" content=\"1350\" \/>\n<meta name=\"twitter:card\" content=\"summary_large_image\" \/>\n<meta name=\"twitter:label1\" content=\"Tiempo de lectura\">\n\t<meta name=\"twitter:data1\" content=\"1 minuto\">\n<script type=\"application\/ld+json\" class=\"yoast-schema-graph\">{\"@context\":\"https:\/\/schema.org\",\"@graph\":[{\"@type\":\"WebSite\",\"@id\":\"https:\/\/iesjuandemairena.org\/#website\",\"url\":\"https:\/\/iesjuandemairena.org\/\",\"name\":\"IES Juan de Mairena\",\"description\":\"Mairena del Aljarafe (Sevilla)\",\"potentialAction\":[{\"@type\":\"SearchAction\",\"target\":\"https:\/\/iesjuandemairena.org\/?s={search_term_string}\",\"query-input\":\"required name=search_term_string\"}],\"inLanguage\":\"es\"},{\"@type\":\"ImageObject\",\"@id\":\"https:\/\/iesjuandemairena.org\/index.php\/2023\/06\/01\/proyecto-europeo-del-mes\/#primaryimage\",\"inLanguage\":\"es\",\"url\":\"https:\/\/iesjuandemairena.org\/wp-content\/uploads\/2023\/06\/WhatsApp-Image-2023-06-01-at-16.45.37.jpeg\",\"width\":1080,\"height\":1350},{\"@type\":\"WebPage\",\"@id\":\"https:\/\/iesjuandemairena.org\/index.php\/2023\/06\/01\/proyecto-europeo-del-mes\/#webpage\",\"url\":\"https:\/\/iesjuandemairena.org\/index.php\/2023\/06\/01\/proyecto-europeo-del-mes\/\",\"name\":\"Proyecto europeo del mes - IES Juan de Mairena\",\"isPartOf\":{\"@id\":\"https:\/\/iesjuandemairena.org\/#website\"},\"primaryImageOfPage\":{\"@id\":\"https:\/\/iesjuandemairena.org\/index.php\/2023\/06\/01\/proyecto-europeo-del-mes\/#primaryimage\"},\"datePublished\":\"2023-06-01T16:48:46+00:00\",\"dateModified\":\"2023-06-01T16:48:49+00:00\",\"author\":{\"@id\":\"https:\/\/iesjuandemairena.org\/#\/schema\/person\/811ebbe7d1f4d2af911f5b68d81f8881\"},\"inLanguage\":\"es\",\"potentialAction\":[{\"@type\":\"ReadAction\",\"target\":[\"https:\/\/iesjuandemairena.org\/index.php\/2023\/06\/01\/proyecto-europeo-del-mes\/\"]}]},{\"@type\":\"Person\",\"@id\":\"https:\/\/iesjuandemairena.org\/#\/schema\/person\/811ebbe7d1f4d2af911f5b68d81f8881\",\"name\":\"admin3\",\"image\":{\"@type\":\"ImageObject\",\"@id\":\"https:\/\/iesjuandemairena.org\/#personlogo\",\"inLanguage\":\"es\",\"url\":\"https:\/\/secure.gravatar.com\/avatar\/d8885e75beacd3dd11710649c525af18?s=96&d=mm&r=g\",\"caption\":\"admin3\"}}]}<\/script>\n<!-- \/ Yoast SEO plugin. -->","_links":{"self":[{"href":"https:\/\/iesjuandemairena.org\/index.php\/wp-json\/wp\/v2\/posts\/11934"}],"collection":[{"href":"https:\/\/iesjuandemairena.org\/index.php\/wp-json\/wp\/v2\/posts"}],"about":[{"href":"https:\/\/iesjuandemairena.org\/index.php\/wp-json\/wp\/v2\/types\/post"}],"author":[{"embeddable":true,"href":"https:\/\/iesjuandemairena.org\/index.php\/wp-json\/wp\/v2\/users\/8"}],"replies":[{"embeddable":true,"href":"https:\/\/iesjuandemairena.org\/index.php\/wp-json\/wp\/v2\/comments?post=11934"}],"version-history":[{"count":1,"href":"https:\/\/iesjuandemairena.org\/index.php\/wp-json\/wp\/v2\/posts\/11934\/revisions"}],"predecessor-version":[{"id":11935,"href":"https:\/\/iesjuandemairena.org\/index.php\/wp-json\/wp\/v2\/posts\/11934\/revisions\/11935"}],"wp:featuredmedia":[{"embeddable":true,"href":"https:\/\/iesjuandemairena.org\/index.php\/wp-json\/wp\/v2\/media\/11928"}],"wp:attachment":[{"href":"https:\/\/iesjuandemairena.org\/index.php\/wp-json\/wp\/v2\/media?parent=11934"}],"wp:term":[{"taxonomy":"category","embeddable":true,"href":"https:\/\/iesjuandemairena.org\/index.php\/wp-json\/wp\/v2\/categories?post=11934"},{"taxonomy":"post_tag","embeddable":true,"href":"https:\/\/iesjuandemairena.org\/index.php\/wp-json\/wp\/v2\/tags?post=11934"}],"curies":[{"name":"wp","href":"https:\/\/api.w.org\/{rel}","templated":true}]}}