{"id":12188,"date":"2023-11-10T12:31:34","date_gmt":"2023-11-10T12:31:34","guid":{"rendered":"https:\/\/iesjuandemairena.org\/?p=12188"},"modified":"2023-11-10T12:31:36","modified_gmt":"2023-11-10T12:31:36","slug":"listado-provisional-de-solicitudes-admitidas-para-las-movilidades-erasmus-23-24-tseas","status":"publish","type":"post","link":"https:\/\/iesjuandemairena.org\/index.php\/2023\/11\/10\/listado-provisional-de-solicitudes-admitidas-para-las-movilidades-erasmus-23-24-tseas\/","title":{"rendered":"Listado provisional de solicitudes admitidas\u00a0para las movilidades Erasmus+\u00a023-24 (TSEAS)"},"content":{"rendered":"\n<div>Las\u00a0<b>solicitudes admitidas provisionalmente<\/b>\u00a0para la realizaci\u00f3n de la FCT en pa\u00edses Europeos son las siguientes:\n<div>\u00a0<\/div>\n<div>&#8211; A.A.A.<\/div>\n<div>&#8211; A.B.S.<\/div>\n<div>&#8211; A.J.G<\/div>\n<div>&#8211; A.R.M.<\/div>\n<div>&#8211; D.A.B.<\/div>\n<div>&#8211; D.C.R.<\/div>\n<div>&#8211; D.V.P.<\/div>\n<div>&#8211; J.L.G.R.<\/div>\n<div>\u00a0<\/div>\n<div>Las\u00a0<b>solicitudes excluidas provisionalmente<\/b>\u00a0para la realizaci\u00f3n de la FCT en pa\u00edses Europeos son las siguientes:<\/div>\n<div>\u00a0<\/div>\n<div>&#8211; F.M.H.<\/div>\n<\/div>\n<div>\u00a0<\/div>\n<div>Tras la valoraci\u00f3n del Comit\u00e9 Erasmus se confirmar\u00e1 los 2 alumnos\/as seleccionados\/as.<\/div>\n","protected":false},"excerpt":{"rendered":"<p>Las\u00a0solicitudes admitidas provisionalmente\u00a0para la realizaci\u00f3n de la FCT en pa\u00edses Europeos son las siguientes: \u00a0 &#8211; A.A.A. &#8211; A.B.S. &#8211; A.J.G &#8211; A.R.M. &#8211; D.A.B. &#8211; D.C.R. &#8211; D.V.P. &#8211; J.L.G.R. \u00a0 Las\u00a0solicitudes excluidas provisionalmente\u00a0para la realizaci\u00f3n de la FCT en pa\u00edses Europeos son las siguientes: \u00a0 &#8211; F.M.H. \u00a0 Tras la valoraci\u00f3n del Comit\u00e9 [&hellip;]<\/p>\n","protected":false},"author":8,"featured_media":0,"comment_status":"open","ping_status":"closed","sticky":false,"template":"","format":"standard","meta":[],"categories":[1],"tags":[],"yoast_head":"<!-- This site is optimized with the Yoast SEO plugin v15.5 - https:\/\/yoast.com\/wordpress\/plugins\/seo\/ -->\n<title>Listado provisional de solicitudes admitidas\u00a0para las movilidades Erasmus+\u00a023-24 (TSEAS) - IES Juan de Mairena<\/title>\n<meta name=\"robots\" content=\"index, follow, max-snippet:-1, max-image-preview:large, max-video-preview:-1\" \/>\n<link rel=\"canonical\" href=\"https:\/\/iesjuandemairena.org\/index.php\/2023\/11\/10\/listado-provisional-de-solicitudes-admitidas-para-las-movilidades-erasmus-23-24-tseas\/\" \/>\n<meta property=\"og:locale\" content=\"es_ES\" \/>\n<meta property=\"og:type\" content=\"article\" \/>\n<meta property=\"og:title\" content=\"Listado provisional de solicitudes admitidas\u00a0para las movilidades Erasmus+\u00a023-24 (TSEAS) - IES Juan de Mairena\" \/>\n<meta property=\"og:description\" content=\"Las\u00a0solicitudes admitidas provisionalmente\u00a0para la realizaci\u00f3n de la FCT en pa\u00edses Europeos son las siguientes: \u00a0 &#8211; A.A.A. &#8211; A.B.S. &#8211; A.J.G &#8211; A.R.M. &#8211; D.A.B. &#8211; D.C.R. &#8211; D.V.P. &#8211; J.L.G.R. \u00a0 Las\u00a0solicitudes excluidas provisionalmente\u00a0para la realizaci\u00f3n de la FCT en pa\u00edses Europeos son las siguientes: \u00a0 &#8211; F.M.H. \u00a0 Tras la valoraci\u00f3n del Comit\u00e9 [&hellip;]\" \/>\n<meta property=\"og:url\" content=\"https:\/\/iesjuandemairena.org\/index.php\/2023\/11\/10\/listado-provisional-de-solicitudes-admitidas-para-las-movilidades-erasmus-23-24-tseas\/\" \/>\n<meta property=\"og:site_name\" content=\"IES Juan de Mairena\" \/>\n<meta property=\"article:published_time\" content=\"2023-11-10T12:31:34+00:00\" \/>\n<meta property=\"article:modified_time\" content=\"2023-11-10T12:31:36+00:00\" \/>\n<meta name=\"twitter:card\" content=\"summary_large_image\" \/>\n<meta name=\"twitter:label1\" content=\"Tiempo de lectura\">\n\t<meta name=\"twitter:data1\" content=\"0 minutos\">\n<script type=\"application\/ld+json\" class=\"yoast-schema-graph\">{\"@context\":\"https:\/\/schema.org\",\"@graph\":[{\"@type\":\"WebSite\",\"@id\":\"https:\/\/iesjuandemairena.org\/#website\",\"url\":\"https:\/\/iesjuandemairena.org\/\",\"name\":\"IES Juan de Mairena\",\"description\":\"Mairena del Aljarafe (Sevilla)\",\"potentialAction\":[{\"@type\":\"SearchAction\",\"target\":\"https:\/\/iesjuandemairena.org\/?s={search_term_string}\",\"query-input\":\"required name=search_term_string\"}],\"inLanguage\":\"es\"},{\"@type\":\"WebPage\",\"@id\":\"https:\/\/iesjuandemairena.org\/index.php\/2023\/11\/10\/listado-provisional-de-solicitudes-admitidas-para-las-movilidades-erasmus-23-24-tseas\/#webpage\",\"url\":\"https:\/\/iesjuandemairena.org\/index.php\/2023\/11\/10\/listado-provisional-de-solicitudes-admitidas-para-las-movilidades-erasmus-23-24-tseas\/\",\"name\":\"Listado provisional de solicitudes admitidas\\u00a0para las movilidades Erasmus+\\u00a023-24 (TSEAS) - IES Juan de Mairena\",\"isPartOf\":{\"@id\":\"https:\/\/iesjuandemairena.org\/#website\"},\"datePublished\":\"2023-11-10T12:31:34+00:00\",\"dateModified\":\"2023-11-10T12:31:36+00:00\",\"author\":{\"@id\":\"https:\/\/iesjuandemairena.org\/#\/schema\/person\/811ebbe7d1f4d2af911f5b68d81f8881\"},\"inLanguage\":\"es\",\"potentialAction\":[{\"@type\":\"ReadAction\",\"target\":[\"https:\/\/iesjuandemairena.org\/index.php\/2023\/11\/10\/listado-provisional-de-solicitudes-admitidas-para-las-movilidades-erasmus-23-24-tseas\/\"]}]},{\"@type\":\"Person\",\"@id\":\"https:\/\/iesjuandemairena.org\/#\/schema\/person\/811ebbe7d1f4d2af911f5b68d81f8881\",\"name\":\"admin3\",\"image\":{\"@type\":\"ImageObject\",\"@id\":\"https:\/\/iesjuandemairena.org\/#personlogo\",\"inLanguage\":\"es\",\"url\":\"https:\/\/secure.gravatar.com\/avatar\/d8885e75beacd3dd11710649c525af18?s=96&d=mm&r=g\",\"caption\":\"admin3\"}}]}<\/script>\n<!-- \/ Yoast SEO plugin. -->","_links":{"self":[{"href":"https:\/\/iesjuandemairena.org\/index.php\/wp-json\/wp\/v2\/posts\/12188"}],"collection":[{"href":"https:\/\/iesjuandemairena.org\/index.php\/wp-json\/wp\/v2\/posts"}],"about":[{"href":"https:\/\/iesjuandemairena.org\/index.php\/wp-json\/wp\/v2\/types\/post"}],"author":[{"embeddable":true,"href":"https:\/\/iesjuandemairena.org\/index.php\/wp-json\/wp\/v2\/users\/8"}],"replies":[{"embeddable":true,"href":"https:\/\/iesjuandemairena.org\/index.php\/wp-json\/wp\/v2\/comments?post=12188"}],"version-history":[{"count":1,"href":"https:\/\/iesjuandemairena.org\/index.php\/wp-json\/wp\/v2\/posts\/12188\/revisions"}],"predecessor-version":[{"id":12189,"href":"https:\/\/iesjuandemairena.org\/index.php\/wp-json\/wp\/v2\/posts\/12188\/revisions\/12189"}],"wp:attachment":[{"href":"https:\/\/iesjuandemairena.org\/index.php\/wp-json\/wp\/v2\/media?parent=12188"}],"wp:term":[{"taxonomy":"category","embeddable":true,"href":"https:\/\/iesjuandemairena.org\/index.php\/wp-json\/wp\/v2\/categories?post=12188"},{"taxonomy":"post_tag","embeddable":true,"href":"https:\/\/iesjuandemairena.org\/index.php\/wp-json\/wp\/v2\/tags?post=12188"}],"curies":[{"name":"wp","href":"https:\/\/api.w.org\/{rel}","templated":true}]}}