{"id":12669,"date":"2025-03-14T10:49:17","date_gmt":"2025-03-14T10:49:17","guid":{"rendered":"https:\/\/iesjuandemairena.org\/?p=12669"},"modified":"2025-03-14T10:51:07","modified_gmt":"2025-03-14T10:51:07","slug":"listado-admitidos-convocatoria-erasmus-para-practicas-en-italia","status":"publish","type":"post","link":"https:\/\/iesjuandemairena.org\/index.php\/2025\/03\/14\/listado-admitidos-convocatoria-erasmus-para-practicas-en-italia\/","title":{"rendered":"Listado admitidos convocatoria Erasmus+ para pr\u00e1cticas en Italia"},"content":{"rendered":"\n<p>Listado de alumnos admitidos de 1\u00ba SMR para la movilidad de 15 d\u00edas para pr\u00e1cticas en Italia de la convocatoria Erasmus+:<\/p>\n<p><strong>Admitidos<\/strong><\/p>\n<ul>\n<li>Claro Hidalgo, Mois\u00e9s<\/li>\n<li>Montero \u00c1lvarez de Toledo, Juan Manuel<\/li>\n<li>Guti\u00e9rrez Alba, Antonio<\/li>\n<li>Prieto P\u00e9rez, Alfonso<\/li>\n<\/ul>\n<p><strong>Reservas<\/strong><\/p>\n<ul>\n<li>del Valle Garc\u00eda, Dar\u00edo<\/li>\n<li>Mendoza Su\u00e1rez, Juan<\/li>\n<li>Marim\u00f3n Arias, Octavio<\/li>\n<\/ul>\n","protected":false},"excerpt":{"rendered":"<p>Listado de alumnos admitidos de 1\u00ba SMR para la movilidad de 15 d\u00edas para pr\u00e1cticas en Italia de la convocatoria Erasmus+: Admitidos Claro Hidalgo, Mois\u00e9s Montero \u00c1lvarez de Toledo, Juan Manuel Guti\u00e9rrez Alba, Antonio Prieto P\u00e9rez, Alfonso Reservas del Valle Garc\u00eda, Dar\u00edo Mendoza Su\u00e1rez, Juan Marim\u00f3n Arias, Octavio<\/p>\n","protected":false},"author":7,"featured_media":0,"comment_status":"open","ping_status":"closed","sticky":false,"template":"","format":"standard","meta":[],"categories":[12],"tags":[],"yoast_head":"<!-- This site is optimized with the Yoast SEO plugin v15.5 - https:\/\/yoast.com\/wordpress\/plugins\/seo\/ -->\n<title>Listado admitidos convocatoria Erasmus+ para pr\u00e1cticas en Italia - IES Juan de Mairena<\/title>\n<meta name=\"robots\" content=\"index, follow, max-snippet:-1, max-image-preview:large, max-video-preview:-1\" \/>\n<link rel=\"canonical\" href=\"https:\/\/iesjuandemairena.org\/index.php\/2025\/03\/14\/listado-admitidos-convocatoria-erasmus-para-practicas-en-italia\/\" \/>\n<meta property=\"og:locale\" content=\"es_ES\" \/>\n<meta property=\"og:type\" content=\"article\" \/>\n<meta property=\"og:title\" content=\"Listado admitidos convocatoria Erasmus+ para pr\u00e1cticas en Italia - IES Juan de Mairena\" \/>\n<meta property=\"og:description\" content=\"Listado de alumnos admitidos de 1\u00ba SMR para la movilidad de 15 d\u00edas para pr\u00e1cticas en Italia de la convocatoria Erasmus+: Admitidos Claro Hidalgo, Mois\u00e9s Montero \u00c1lvarez de Toledo, Juan Manuel Guti\u00e9rrez Alba, Antonio Prieto P\u00e9rez, Alfonso Reservas del Valle Garc\u00eda, Dar\u00edo Mendoza Su\u00e1rez, Juan Marim\u00f3n Arias, Octavio\" \/>\n<meta property=\"og:url\" content=\"https:\/\/iesjuandemairena.org\/index.php\/2025\/03\/14\/listado-admitidos-convocatoria-erasmus-para-practicas-en-italia\/\" \/>\n<meta property=\"og:site_name\" content=\"IES Juan de Mairena\" \/>\n<meta property=\"article:published_time\" content=\"2025-03-14T10:49:17+00:00\" \/>\n<meta property=\"article:modified_time\" content=\"2025-03-14T10:51:07+00:00\" \/>\n<meta name=\"twitter:card\" content=\"summary_large_image\" \/>\n<meta name=\"twitter:label1\" content=\"Tiempo de lectura\">\n\t<meta name=\"twitter:data1\" content=\"0 minutos\">\n<script type=\"application\/ld+json\" class=\"yoast-schema-graph\">{\"@context\":\"https:\/\/schema.org\",\"@graph\":[{\"@type\":\"WebSite\",\"@id\":\"https:\/\/iesjuandemairena.org\/#website\",\"url\":\"https:\/\/iesjuandemairena.org\/\",\"name\":\"IES Juan de Mairena\",\"description\":\"Mairena del Aljarafe (Sevilla)\",\"potentialAction\":[{\"@type\":\"SearchAction\",\"target\":\"https:\/\/iesjuandemairena.org\/?s={search_term_string}\",\"query-input\":\"required name=search_term_string\"}],\"inLanguage\":\"es\"},{\"@type\":\"WebPage\",\"@id\":\"https:\/\/iesjuandemairena.org\/index.php\/2025\/03\/14\/listado-admitidos-convocatoria-erasmus-para-practicas-en-italia\/#webpage\",\"url\":\"https:\/\/iesjuandemairena.org\/index.php\/2025\/03\/14\/listado-admitidos-convocatoria-erasmus-para-practicas-en-italia\/\",\"name\":\"Listado admitidos convocatoria Erasmus+ para pr\\u00e1cticas en Italia - IES Juan de Mairena\",\"isPartOf\":{\"@id\":\"https:\/\/iesjuandemairena.org\/#website\"},\"datePublished\":\"2025-03-14T10:49:17+00:00\",\"dateModified\":\"2025-03-14T10:51:07+00:00\",\"author\":{\"@id\":\"https:\/\/iesjuandemairena.org\/#\/schema\/person\/3e9a4e330dd193bf14d4be144d491532\"},\"inLanguage\":\"es\",\"potentialAction\":[{\"@type\":\"ReadAction\",\"target\":[\"https:\/\/iesjuandemairena.org\/index.php\/2025\/03\/14\/listado-admitidos-convocatoria-erasmus-para-practicas-en-italia\/\"]}]},{\"@type\":\"Person\",\"@id\":\"https:\/\/iesjuandemairena.org\/#\/schema\/person\/3e9a4e330dd193bf14d4be144d491532\",\"name\":\"admin2\",\"image\":{\"@type\":\"ImageObject\",\"@id\":\"https:\/\/iesjuandemairena.org\/#personlogo\",\"inLanguage\":\"es\",\"url\":\"https:\/\/secure.gravatar.com\/avatar\/00c488e6f06f69465f109daf6560c687?s=96&d=mm&r=g\",\"caption\":\"admin2\"}}]}<\/script>\n<!-- \/ Yoast SEO plugin. -->","_links":{"self":[{"href":"https:\/\/iesjuandemairena.org\/index.php\/wp-json\/wp\/v2\/posts\/12669"}],"collection":[{"href":"https:\/\/iesjuandemairena.org\/index.php\/wp-json\/wp\/v2\/posts"}],"about":[{"href":"https:\/\/iesjuandemairena.org\/index.php\/wp-json\/wp\/v2\/types\/post"}],"author":[{"embeddable":true,"href":"https:\/\/iesjuandemairena.org\/index.php\/wp-json\/wp\/v2\/users\/7"}],"replies":[{"embeddable":true,"href":"https:\/\/iesjuandemairena.org\/index.php\/wp-json\/wp\/v2\/comments?post=12669"}],"version-history":[{"count":2,"href":"https:\/\/iesjuandemairena.org\/index.php\/wp-json\/wp\/v2\/posts\/12669\/revisions"}],"predecessor-version":[{"id":12672,"href":"https:\/\/iesjuandemairena.org\/index.php\/wp-json\/wp\/v2\/posts\/12669\/revisions\/12672"}],"wp:attachment":[{"href":"https:\/\/iesjuandemairena.org\/index.php\/wp-json\/wp\/v2\/media?parent=12669"}],"wp:term":[{"taxonomy":"category","embeddable":true,"href":"https:\/\/iesjuandemairena.org\/index.php\/wp-json\/wp\/v2\/categories?post=12669"},{"taxonomy":"post_tag","embeddable":true,"href":"https:\/\/iesjuandemairena.org\/index.php\/wp-json\/wp\/v2\/tags?post=12669"}],"curies":[{"name":"wp","href":"https:\/\/api.w.org\/{rel}","templated":true}]}}