{"id":8016,"date":"2019-03-15T18:41:24","date_gmt":"2019-03-15T18:41:24","guid":{"rendered":"https:\/\/iesjuandemairena.org\/?p=8016"},"modified":"2019-03-15T19:14:00","modified_gmt":"2019-03-15T19:14:00","slug":"dia-de-pi-en-el-juande","status":"publish","type":"post","link":"https:\/\/iesjuandemairena.org\/index.php\/2019\/03\/15\/dia-de-pi-en-el-juande\/","title":{"rendered":"D\u00eda de Pi en el Juande plantando un fresno"},"content":{"rendered":"<p style=\"text-align: justify;\">Tras el ofrecimiento de la Confederaci\u00f3n Hidrogr\u00e1fica de Guadalquivir de contar con una zona para realizar una plantaci\u00f3n de \u00e1rboles de gran envergadura en el parque Porzuna,\u00a0\u00a0la Delegaci\u00f3n de Educaci\u00f3n ha organizado la actuaci\u00f3n de manera que cada Centro Educativo designe a un grupo de 6 alumn@s que lo represente y que sea \u00e9ste el que colabore en la plantaci\u00f3n de uno de los \u00e1rboles que llevar\u00e1 el nombre del Centro.<\/p>\n<p style=\"text-align: justify;\">El deseo es que quede un espacio consolidado en el cauce del Arroyo Porzuna para organizar un aula de observaci\u00f3n de la naturaleza con el nombre de todos los Centros Educativos de Mairena.<\/p>\n<p style=\"text-align: justify;\">Si quieres ver el momento, pincha en el fresno, que es el que nos ha tocado a nuestro Centro!<a href=\"https:\/\/youtu.be\/yE22bl20tHs\"><img loading=\"lazy\" class=\"aligncenter wp-image-8020\" src=\"https:\/\/iesjuandemairena.org\/wp-content\/uploads\/2019\/03\/fresno--300x235.png\" alt=\"\" width=\"123\" height=\"96\" srcset=\"https:\/\/iesjuandemairena.org\/wp-content\/uploads\/2019\/03\/fresno--300x235.png 300w, https:\/\/iesjuandemairena.org\/wp-content\/uploads\/2019\/03\/fresno-.png 600w\" sizes=\"(max-width: 123px) 100vw, 123px\" \/><\/a><\/p>\n","protected":false},"excerpt":{"rendered":"<p>Tras el ofrecimiento de la Confederaci\u00f3n Hidrogr\u00e1fica de Guadalquivir de contar con una zona para realizar una plantaci\u00f3n de \u00e1rboles de gran envergadura en el parque Porzuna,\u00a0\u00a0la Delegaci\u00f3n de Educaci\u00f3n ha organizado la actuaci\u00f3n de manera que cada Centro Educativo designe a un grupo de 6 alumn@s que lo represente y que sea \u00e9ste el [&hellip;]<\/p>\n","protected":false},"author":1,"featured_media":0,"comment_status":"open","ping_status":"closed","sticky":false,"template":"","format":"standard","meta":[],"categories":[1],"tags":[],"yoast_head":"<!-- This site is optimized with the Yoast SEO plugin v15.5 - https:\/\/yoast.com\/wordpress\/plugins\/seo\/ -->\n<title>D\u00eda de Pi en el Juande plantando un fresno - IES Juan de Mairena<\/title>\n<meta name=\"robots\" content=\"index, follow, max-snippet:-1, max-image-preview:large, max-video-preview:-1\" \/>\n<link rel=\"canonical\" href=\"https:\/\/iesjuandemairena.org\/index.php\/2019\/03\/15\/dia-de-pi-en-el-juande\/\" \/>\n<meta property=\"og:locale\" content=\"es_ES\" \/>\n<meta property=\"og:type\" content=\"article\" \/>\n<meta property=\"og:title\" content=\"D\u00eda de Pi en el Juande plantando un fresno - IES Juan de Mairena\" \/>\n<meta property=\"og:description\" content=\"Tras el ofrecimiento de la Confederaci\u00f3n Hidrogr\u00e1fica de Guadalquivir de contar con una zona para realizar una plantaci\u00f3n de \u00e1rboles de gran envergadura en el parque Porzuna,\u00a0\u00a0la Delegaci\u00f3n de Educaci\u00f3n ha organizado la actuaci\u00f3n de manera que cada Centro Educativo designe a un grupo de 6 alumn@s que lo represente y que sea \u00e9ste el [&hellip;]\" \/>\n<meta property=\"og:url\" content=\"https:\/\/iesjuandemairena.org\/index.php\/2019\/03\/15\/dia-de-pi-en-el-juande\/\" \/>\n<meta property=\"og:site_name\" content=\"IES Juan de Mairena\" \/>\n<meta property=\"article:published_time\" content=\"2019-03-15T18:41:24+00:00\" \/>\n<meta property=\"article:modified_time\" content=\"2019-03-15T19:14:00+00:00\" \/>\n<meta property=\"og:image\" content=\"https:\/\/iesjuandemairena.org\/wp-content\/uploads\/2019\/03\/fresno--300x235.png\" \/>\n<meta name=\"twitter:card\" content=\"summary_large_image\" \/>\n<meta name=\"twitter:label1\" content=\"Tiempo de lectura\">\n\t<meta name=\"twitter:data1\" content=\"1 minuto\">\n<script type=\"application\/ld+json\" class=\"yoast-schema-graph\">{\"@context\":\"https:\/\/schema.org\",\"@graph\":[{\"@type\":\"WebSite\",\"@id\":\"https:\/\/iesjuandemairena.org\/#website\",\"url\":\"https:\/\/iesjuandemairena.org\/\",\"name\":\"IES Juan de Mairena\",\"description\":\"Mairena del Aljarafe (Sevilla)\",\"potentialAction\":[{\"@type\":\"SearchAction\",\"target\":\"https:\/\/iesjuandemairena.org\/?s={search_term_string}\",\"query-input\":\"required name=search_term_string\"}],\"inLanguage\":\"es\"},{\"@type\":\"ImageObject\",\"@id\":\"https:\/\/iesjuandemairena.org\/index.php\/2019\/03\/15\/dia-de-pi-en-el-juande\/#primaryimage\",\"inLanguage\":\"es\",\"url\":\"https:\/\/iesjuandemairena.org\/wp-content\/uploads\/2019\/03\/fresno-.png\",\"width\":600,\"height\":470},{\"@type\":\"WebPage\",\"@id\":\"https:\/\/iesjuandemairena.org\/index.php\/2019\/03\/15\/dia-de-pi-en-el-juande\/#webpage\",\"url\":\"https:\/\/iesjuandemairena.org\/index.php\/2019\/03\/15\/dia-de-pi-en-el-juande\/\",\"name\":\"D\\u00eda de Pi en el Juande plantando un fresno - IES Juan de Mairena\",\"isPartOf\":{\"@id\":\"https:\/\/iesjuandemairena.org\/#website\"},\"primaryImageOfPage\":{\"@id\":\"https:\/\/iesjuandemairena.org\/index.php\/2019\/03\/15\/dia-de-pi-en-el-juande\/#primaryimage\"},\"datePublished\":\"2019-03-15T18:41:24+00:00\",\"dateModified\":\"2019-03-15T19:14:00+00:00\",\"author\":{\"@id\":\"https:\/\/iesjuandemairena.org\/#\/schema\/person\/0d8a97dbd54d60826d46ba99c3926379\"},\"inLanguage\":\"es\",\"potentialAction\":[{\"@type\":\"ReadAction\",\"target\":[\"https:\/\/iesjuandemairena.org\/index.php\/2019\/03\/15\/dia-de-pi-en-el-juande\/\"]}]},{\"@type\":\"Person\",\"@id\":\"https:\/\/iesjuandemairena.org\/#\/schema\/person\/0d8a97dbd54d60826d46ba99c3926379\",\"name\":\"admin\",\"image\":{\"@type\":\"ImageObject\",\"@id\":\"https:\/\/iesjuandemairena.org\/#personlogo\",\"inLanguage\":\"es\",\"url\":\"https:\/\/secure.gravatar.com\/avatar\/37a3f8f7bd49b8b49cbb1efcf4452893?s=96&d=mm&r=g\",\"caption\":\"admin\"}}]}<\/script>\n<!-- \/ Yoast SEO plugin. -->","_links":{"self":[{"href":"https:\/\/iesjuandemairena.org\/index.php\/wp-json\/wp\/v2\/posts\/8016"}],"collection":[{"href":"https:\/\/iesjuandemairena.org\/index.php\/wp-json\/wp\/v2\/posts"}],"about":[{"href":"https:\/\/iesjuandemairena.org\/index.php\/wp-json\/wp\/v2\/types\/post"}],"author":[{"embeddable":true,"href":"https:\/\/iesjuandemairena.org\/index.php\/wp-json\/wp\/v2\/users\/1"}],"replies":[{"embeddable":true,"href":"https:\/\/iesjuandemairena.org\/index.php\/wp-json\/wp\/v2\/comments?post=8016"}],"version-history":[{"count":8,"href":"https:\/\/iesjuandemairena.org\/index.php\/wp-json\/wp\/v2\/posts\/8016\/revisions"}],"predecessor-version":[{"id":8025,"href":"https:\/\/iesjuandemairena.org\/index.php\/wp-json\/wp\/v2\/posts\/8016\/revisions\/8025"}],"wp:attachment":[{"href":"https:\/\/iesjuandemairena.org\/index.php\/wp-json\/wp\/v2\/media?parent=8016"}],"wp:term":[{"taxonomy":"category","embeddable":true,"href":"https:\/\/iesjuandemairena.org\/index.php\/wp-json\/wp\/v2\/categories?post=8016"},{"taxonomy":"post_tag","embeddable":true,"href":"https:\/\/iesjuandemairena.org\/index.php\/wp-json\/wp\/v2\/tags?post=8016"}],"curies":[{"name":"wp","href":"https:\/\/api.w.org\/{rel}","templated":true}]}}